{"id":1166,"date":"2019-10-08T09:24:49","date_gmt":"2019-10-08T07:24:49","guid":{"rendered":"http:\/\/wp1182680.server-he.de\/?p=1166"},"modified":"2020-01-19T09:12:46","modified_gmt":"2020-01-19T08:12:46","slug":"herbstfest-der-bwsfg-2019","status":"publish","type":"post","link":"https:\/\/www.sportflug-noervenich.de\/?p=1166","title":{"rendered":"Herbstfest der BwSFG 2019"},"content":{"rendered":"<div class=\"pvc_clear\"><\/div>\n<p id=\"pvc_stats_1166\" class=\"pvc_stats all  \" data-element-id=\"1166\" style=\"\"><i class=\"pvc-stats-icon large\" aria-hidden=\"true\"><svg aria-hidden=\"true\" focusable=\"false\" data-prefix=\"far\" data-icon=\"chart-bar\" role=\"img\" xmlns=\"http:\/\/www.w3.org\/2000\/svg\" viewBox=\"0 0 512 512\" class=\"svg-inline--fa fa-chart-bar fa-w-16 fa-2x\"><path fill=\"currentColor\" d=\"M396.8 352h22.4c6.4 0 12.8-6.4 12.8-12.8V108.8c0-6.4-6.4-12.8-12.8-12.8h-22.4c-6.4 0-12.8 6.4-12.8 12.8v230.4c0 6.4 6.4 12.8 12.8 12.8zm-192 0h22.4c6.4 0 12.8-6.4 12.8-12.8V140.8c0-6.4-6.4-12.8-12.8-12.8h-22.4c-6.4 0-12.8 6.4-12.8 12.8v198.4c0 6.4 6.4 12.8 12.8 12.8zm96 0h22.4c6.4 0 12.8-6.4 12.8-12.8V204.8c0-6.4-6.4-12.8-12.8-12.8h-22.4c-6.4 0-12.8 6.4-12.8 12.8v134.4c0 6.4 6.4 12.8 12.8 12.8zM496 400H48V80c0-8.84-7.16-16-16-16H16C7.16 64 0 71.16 0 80v336c0 17.67 14.33 32 32 32h464c8.84 0 16-7.16 16-16v-16c0-8.84-7.16-16-16-16zm-387.2-48h22.4c6.4 0 12.8-6.4 12.8-12.8v-70.4c0-6.4-6.4-12.8-12.8-12.8h-22.4c-6.4 0-12.8 6.4-12.8 12.8v70.4c0 6.4 6.4 12.8 12.8 12.8z\" class=\"\"><\/path><\/svg><\/i> <img loading=\"lazy\" decoding=\"async\" width=\"16\" height=\"16\" alt=\"Loading\" src=\"https:\/\/www.sportflug-noervenich.de\/wp-content\/plugins\/page-views-count\/ajax-loader-2x.gif\" border=0 \/><\/p>\n<div class=\"pvc_clear\"><\/div>\n<p>Am 13.und 14. September fand unser diesj\u00e4hriges Sommerfest<br \/>\nbei bestem Fliegerwetter und reger Beteiligung von Geschwaderangeh\u00f6rigen auf dem Fliegerhorst N\u00f6rvenich statt.<\/p>\n<p>Ein voller Erfolg auch Dank der vielen helfenden H\u00e4nde, die die umfangreiche Vorbereitung und einen reibungslosen Ablauf sicherstellten, so dass die G\u00e4ste einen sorglosen wunderbaren Flugtag genie\u00dfen konnten.<\/p>\n<div style=\"width: 720px;\" class=\"wp-video\"><video class=\"wp-video-shortcode\" id=\"video-1166-1\" width=\"720\" height=\"576\" preload=\"metadata\" controls=\"controls\"><source type=\"video\/mp4\" src=\"https:\/\/www.sportflug-noervenich.de\/wp-content\/uploads\/2019\/10\/Herbstfest-BwSFG-2019_1.mp4?_=1\" \/><a href=\"https:\/\/www.sportflug-noervenich.de\/wp-content\/uploads\/2019\/10\/Herbstfest-BwSFG-2019_1.mp4\">https:\/\/www.sportflug-noervenich.de\/wp-content\/uploads\/2019\/10\/Herbstfest-BwSFG-2019_1.mp4<\/a><\/video><\/div>\n","protected":false},"excerpt":{"rendered":"<div class=\"pvc_clear\"><\/div>\n<p id=\"pvc_stats_1166\" class=\"pvc_stats all  \" data-element-id=\"1166\" style=\"\"><i class=\"pvc-stats-icon large\" aria-hidden=\"true\"><svg aria-hidden=\"true\" focusable=\"false\" data-prefix=\"far\" data-icon=\"chart-bar\" role=\"img\" xmlns=\"http:\/\/www.w3.org\/2000\/svg\" viewBox=\"0 0 512 512\" class=\"svg-inline--fa fa-chart-bar fa-w-16 fa-2x\"><path fill=\"currentColor\" d=\"M396.8 352h22.4c6.4 0 12.8-6.4 12.8-12.8V108.8c0-6.4-6.4-12.8-12.8-12.8h-22.4c-6.4 0-12.8 6.4-12.8 12.8v230.4c0 6.4 6.4 12.8 12.8 12.8zm-192 0h22.4c6.4 0 12.8-6.4 12.8-12.8V140.8c0-6.4-6.4-12.8-12.8-12.8h-22.4c-6.4 0-12.8 6.4-12.8 12.8v198.4c0 6.4 6.4 12.8 12.8 12.8zm96 0h22.4c6.4 0 12.8-6.4 12.8-12.8V204.8c0-6.4-6.4-12.8-12.8-12.8h-22.4c-6.4 0-12.8 6.4-12.8 12.8v134.4c0 6.4 6.4 12.8 12.8 12.8zM496 400H48V80c0-8.84-7.16-16-16-16H16C7.16 64 0 71.16 0 80v336c0 17.67 14.33 32 32 32h464c8.84 0 16-7.16 16-16v-16c0-8.84-7.16-16-16-16zm-387.2-48h22.4c6.4 0 12.8-6.4 12.8-12.8v-70.4c0-6.4-6.4-12.8-12.8-12.8h-22.4c-6.4 0-12.8 6.4-12.8 12.8v70.4c0 6.4 6.4 12.8 12.8 12.8z\" class=\"\"><\/path><\/svg><\/i> <img loading=\"lazy\" decoding=\"async\" width=\"16\" height=\"16\" alt=\"Loading\" src=\"https:\/\/www.sportflug-noervenich.de\/wp-content\/plugins\/page-views-count\/ajax-loader-2x.gif\" border=0 \/><\/p>\n<div class=\"pvc_clear\"><\/div>\n<p>Am 13.und 14. September fand unser diesj\u00e4hriges Sommerfest bei bestem Fliegerwetter und reger Beteiligung von Geschwaderangeh\u00f6rigen auf dem Fliegerhorst N\u00f6rvenich statt. Ein voller Erfolg auch Dank der vielen helfenden H\u00e4nde, die die umfangreiche Vorbereitung und einen reibungslosen Ablauf sicherstellten, so dass die G\u00e4ste einen sorglosen wunderbaren Flugtag genie\u00dfen konnten.<\/p>\n","protected":false},"author":2,"featured_media":1093,"comment_status":"closed","ping_status":"closed","sticky":false,"template":"","format":"standard","meta":{"two_page_speed":[],"footnotes":""},"categories":[12],"tags":[21,25,14,13,26,22,16],"class_list":["post-1166","post","type-post","status-publish","format-standard","has-post-thumbnail","hentry","category-archiv","tag-events","tag-fliegen","tag-flugschule","tag-flugsport-flugschule-noervenich","tag-flugtag","tag-rundflug","tag-termine"],"a3_pvc":{"activated":true,"total_views":731,"today_views":0},"_links":{"self":[{"href":"https:\/\/www.sportflug-noervenich.de\/index.php?rest_route=\/wp\/v2\/posts\/1166","targetHints":{"allow":["GET"]}}],"collection":[{"href":"https:\/\/www.sportflug-noervenich.de\/index.php?rest_route=\/wp\/v2\/posts"}],"about":[{"href":"https:\/\/www.sportflug-noervenich.de\/index.php?rest_route=\/wp\/v2\/types\/post"}],"author":[{"embeddable":true,"href":"https:\/\/www.sportflug-noervenich.de\/index.php?rest_route=\/wp\/v2\/users\/2"}],"replies":[{"embeddable":true,"href":"https:\/\/www.sportflug-noervenich.de\/index.php?rest_route=%2Fwp%2Fv2%2Fcomments&post=1166"}],"version-history":[{"count":8,"href":"https:\/\/www.sportflug-noervenich.de\/index.php?rest_route=\/wp\/v2\/posts\/1166\/revisions"}],"predecessor-version":[{"id":1179,"href":"https:\/\/www.sportflug-noervenich.de\/index.php?rest_route=\/wp\/v2\/posts\/1166\/revisions\/1179"}],"wp:featuredmedia":[{"embeddable":true,"href":"https:\/\/www.sportflug-noervenich.de\/index.php?rest_route=\/wp\/v2\/media\/1093"}],"wp:attachment":[{"href":"https:\/\/www.sportflug-noervenich.de\/index.php?rest_route=%2Fwp%2Fv2%2Fmedia&parent=1166"}],"wp:term":[{"taxonomy":"category","embeddable":true,"href":"https:\/\/www.sportflug-noervenich.de\/index.php?rest_route=%2Fwp%2Fv2%2Fcategories&post=1166"},{"taxonomy":"post_tag","embeddable":true,"href":"https:\/\/www.sportflug-noervenich.de\/index.php?rest_route=%2Fwp%2Fv2%2Ftags&post=1166"}],"curies":[{"name":"wp","href":"https:\/\/api.w.org\/{rel}","templated":true}]}}