{"id":2144,"date":"2022-07-19T09:55:42","date_gmt":"2022-07-19T07:55:42","guid":{"rendered":"http:\/\/wp1182680.server-he.de\/?p=2144"},"modified":"2022-07-31T22:21:35","modified_gmt":"2022-07-31T20:21:35","slug":"schwerer-flugunfall-in-aachen-merzbrueck","status":"publish","type":"post","link":"https:\/\/www.sportflug-noervenich.de\/?p=2144","title":{"rendered":"Schwerer Flugunfall in Aachen-Merzbr\u00fcck"},"content":{"rendered":"<div class=\"pvc_clear\"><\/div>\n<p id=\"pvc_stats_2144\" class=\"pvc_stats all  \" data-element-id=\"2144\" style=\"\"><i class=\"pvc-stats-icon large\" aria-hidden=\"true\"><svg aria-hidden=\"true\" focusable=\"false\" data-prefix=\"far\" data-icon=\"chart-bar\" role=\"img\" xmlns=\"http:\/\/www.w3.org\/2000\/svg\" viewBox=\"0 0 512 512\" class=\"svg-inline--fa fa-chart-bar fa-w-16 fa-2x\"><path fill=\"currentColor\" d=\"M396.8 352h22.4c6.4 0 12.8-6.4 12.8-12.8V108.8c0-6.4-6.4-12.8-12.8-12.8h-22.4c-6.4 0-12.8 6.4-12.8 12.8v230.4c0 6.4 6.4 12.8 12.8 12.8zm-192 0h22.4c6.4 0 12.8-6.4 12.8-12.8V140.8c0-6.4-6.4-12.8-12.8-12.8h-22.4c-6.4 0-12.8 6.4-12.8 12.8v198.4c0 6.4 6.4 12.8 12.8 12.8zm96 0h22.4c6.4 0 12.8-6.4 12.8-12.8V204.8c0-6.4-6.4-12.8-12.8-12.8h-22.4c-6.4 0-12.8 6.4-12.8 12.8v134.4c0 6.4 6.4 12.8 12.8 12.8zM496 400H48V80c0-8.84-7.16-16-16-16H16C7.16 64 0 71.16 0 80v336c0 17.67 14.33 32 32 32h464c8.84 0 16-7.16 16-16v-16c0-8.84-7.16-16-16-16zm-387.2-48h22.4c6.4 0 12.8-6.4 12.8-12.8v-70.4c0-6.4-6.4-12.8-12.8-12.8h-22.4c-6.4 0-12.8 6.4-12.8 12.8v70.4c0 6.4 6.4 12.8 12.8 12.8z\" class=\"\"><\/path><\/svg><\/i> <img loading=\"lazy\" decoding=\"async\" width=\"16\" height=\"16\" alt=\"Loading\" src=\"https:\/\/www.sportflug-noervenich.de\/wp-content\/plugins\/page-views-count\/ajax-loader-2x.gif\" border=0 \/><\/p>\n<div class=\"pvc_clear\"><\/div>\n<p><a href=\"https:\/\/www.sportflug-noervenich.de\/wp-content\/uploads\/2019\/07\/Elmar_Kunstflugmeisterschaften_2019.jpg\"><img loading=\"lazy\" decoding=\"async\" class=\"size-medium wp-image-997 alignleft\" src=\"https:\/\/www.sportflug-noervenich.de\/wp-content\/uploads\/2019\/07\/Elmar_Kunstflugmeisterschaften_2019-300x169.jpg\" alt=\"\" width=\"300\" height=\"169\" srcset=\"https:\/\/www.sportflug-noervenich.de\/wp-content\/uploads\/2019\/07\/Elmar_Kunstflugmeisterschaften_2019-300x169.jpg 300w, https:\/\/www.sportflug-noervenich.de\/wp-content\/uploads\/2019\/07\/Elmar_Kunstflugmeisterschaften_2019-768x432.jpg 768w, https:\/\/www.sportflug-noervenich.de\/wp-content\/uploads\/2019\/07\/Elmar_Kunstflugmeisterschaften_2019.jpg 960w\" sizes=\"auto, (max-width: 300px) 100vw, 300px\" \/><\/a>Bei einem schweren Flugunfall am 16.07.2022 auf dem Flugplatz Aachen-Merzbr\u00fcck kam unser langj\u00e4hriges Mitglied Elmar L\u00fcttgen ums Leben. Sein Flugsch\u00fcler wurde schwer verletzt. Die Unfallursache ist ungekl\u00e4rt.<\/p>\n<p>Elmar war ein langj\u00e4hriges Vereinsmitglied, guter Kamerad,\u00a0 gesch\u00e4tzter Fluglehrer und Vereinsausbildungsleiter. In Aachen war er als Fluglehrer t\u00e4tig und er hat mehrmals an den deutschen Kunstflugmeisterschaften teilgenommen. Unsere Ausbildungsorganisation hat er ma\u00dfgeblich mit aufgebaut und gepr\u00e4gt. Er war ein sehr erfahrener Flugzeugf\u00fchrer und Fluglehrer. Die Flugsch\u00fcler sch\u00e4tzten seine Zuverl\u00e4ssigkeit und seine ruhige besonnene Art und auch ich bin immer wieder gerne mit ihm geflogen. Ein besonderes Highlight war unsere Formation auf dem Flugtag in Wershoven. Fliegen und besonders der Kunstflug war seine Leidenschaft und sein Leben. Sch\u00f6n wars, Du wirst uns fehlen. Unser tief empfundenes Mitgef\u00fchl gilt seinen Angeh\u00f6rigen und wir w\u00fcnschen ihnen viel Kraft in dieser schweren Zeit.<\/p>\n<p><a href=\"https:\/\/www.sportflug-noervenich.de\/wp-content\/uploads\/2022\/07\/296399140_866162734363355_1800659703662191476_n.jpg\"><img loading=\"lazy\" decoding=\"async\" class=\"size-medium wp-image-2156 aligncenter\" src=\"https:\/\/www.sportflug-noervenich.de\/wp-content\/uploads\/2022\/07\/296399140_866162734363355_1800659703662191476_n-300x251.jpg\" alt=\"\" width=\"300\" height=\"251\" srcset=\"https:\/\/www.sportflug-noervenich.de\/wp-content\/uploads\/2022\/07\/296399140_866162734363355_1800659703662191476_n-300x251.jpg 300w, https:\/\/www.sportflug-noervenich.de\/wp-content\/uploads\/2022\/07\/296399140_866162734363355_1800659703662191476_n-1024x856.jpg 1024w, https:\/\/www.sportflug-noervenich.de\/wp-content\/uploads\/2022\/07\/296399140_866162734363355_1800659703662191476_n-768x642.jpg 768w, https:\/\/www.sportflug-noervenich.de\/wp-content\/uploads\/2022\/07\/296399140_866162734363355_1800659703662191476_n-1536x1283.jpg 1536w, https:\/\/www.sportflug-noervenich.de\/wp-content\/uploads\/2022\/07\/296399140_866162734363355_1800659703662191476_n.jpg 1574w\" sizes=\"auto, (max-width: 300px) 100vw, 300px\" \/><\/a><\/p>\n","protected":false},"excerpt":{"rendered":"<div class=\"pvc_clear\"><\/div>\n<p id=\"pvc_stats_2144\" class=\"pvc_stats all  \" data-element-id=\"2144\" style=\"\"><i class=\"pvc-stats-icon large\" aria-hidden=\"true\"><svg aria-hidden=\"true\" focusable=\"false\" data-prefix=\"far\" data-icon=\"chart-bar\" role=\"img\" xmlns=\"http:\/\/www.w3.org\/2000\/svg\" viewBox=\"0 0 512 512\" class=\"svg-inline--fa fa-chart-bar fa-w-16 fa-2x\"><path fill=\"currentColor\" d=\"M396.8 352h22.4c6.4 0 12.8-6.4 12.8-12.8V108.8c0-6.4-6.4-12.8-12.8-12.8h-22.4c-6.4 0-12.8 6.4-12.8 12.8v230.4c0 6.4 6.4 12.8 12.8 12.8zm-192 0h22.4c6.4 0 12.8-6.4 12.8-12.8V140.8c0-6.4-6.4-12.8-12.8-12.8h-22.4c-6.4 0-12.8 6.4-12.8 12.8v198.4c0 6.4 6.4 12.8 12.8 12.8zm96 0h22.4c6.4 0 12.8-6.4 12.8-12.8V204.8c0-6.4-6.4-12.8-12.8-12.8h-22.4c-6.4 0-12.8 6.4-12.8 12.8v134.4c0 6.4 6.4 12.8 12.8 12.8zM496 400H48V80c0-8.84-7.16-16-16-16H16C7.16 64 0 71.16 0 80v336c0 17.67 14.33 32 32 32h464c8.84 0 16-7.16 16-16v-16c0-8.84-7.16-16-16-16zm-387.2-48h22.4c6.4 0 12.8-6.4 12.8-12.8v-70.4c0-6.4-6.4-12.8-12.8-12.8h-22.4c-6.4 0-12.8 6.4-12.8 12.8v70.4c0 6.4 6.4 12.8 12.8 12.8z\" class=\"\"><\/path><\/svg><\/i> <img loading=\"lazy\" decoding=\"async\" width=\"16\" height=\"16\" alt=\"Loading\" src=\"https:\/\/www.sportflug-noervenich.de\/wp-content\/plugins\/page-views-count\/ajax-loader-2x.gif\" border=0 \/><\/p>\n<div class=\"pvc_clear\"><\/div>\n<p>Bei einem schweren Flugunfall am 16.07.2022 auf dem Flugplatz Aachen-Merzbr\u00fcck kam unser langj\u00e4hriges Mitglied Elmar L\u00fcttgen ums Leben. Sein Flugsch\u00fcler wurde schwer verletzt. Die Unfallursache ist ungekl\u00e4rt. Elmar war ein langj\u00e4hriges Vereinsmitglied, guter Kamerad,\u00a0 gesch\u00e4tzter Fluglehrer und Vereinsausbildungsleiter. In Aachen war er als Fluglehrer t\u00e4tig und er hat mehrmals an den deutschen Kunstflugmeisterschaften teilgenommen. Unsere [&hellip;]<\/p>\n","protected":false},"author":2,"featured_media":0,"comment_status":"open","ping_status":"closed","sticky":false,"template":"","format":"standard","meta":{"two_page_speed":[],"footnotes":""},"categories":[3],"tags":[],"class_list":["post-2144","post","type-post","status-publish","format-standard","hentry","category-news"],"a3_pvc":{"activated":true,"total_views":1459,"today_views":1},"_links":{"self":[{"href":"https:\/\/www.sportflug-noervenich.de\/index.php?rest_route=\/wp\/v2\/posts\/2144","targetHints":{"allow":["GET"]}}],"collection":[{"href":"https:\/\/www.sportflug-noervenich.de\/index.php?rest_route=\/wp\/v2\/posts"}],"about":[{"href":"https:\/\/www.sportflug-noervenich.de\/index.php?rest_route=\/wp\/v2\/types\/post"}],"author":[{"embeddable":true,"href":"https:\/\/www.sportflug-noervenich.de\/index.php?rest_route=\/wp\/v2\/users\/2"}],"replies":[{"embeddable":true,"href":"https:\/\/www.sportflug-noervenich.de\/index.php?rest_route=%2Fwp%2Fv2%2Fcomments&post=2144"}],"version-history":[{"count":6,"href":"https:\/\/www.sportflug-noervenich.de\/index.php?rest_route=\/wp\/v2\/posts\/2144\/revisions"}],"predecessor-version":[{"id":2157,"href":"https:\/\/www.sportflug-noervenich.de\/index.php?rest_route=\/wp\/v2\/posts\/2144\/revisions\/2157"}],"wp:attachment":[{"href":"https:\/\/www.sportflug-noervenich.de\/index.php?rest_route=%2Fwp%2Fv2%2Fmedia&parent=2144"}],"wp:term":[{"taxonomy":"category","embeddable":true,"href":"https:\/\/www.sportflug-noervenich.de\/index.php?rest_route=%2Fwp%2Fv2%2Fcategories&post=2144"},{"taxonomy":"post_tag","embeddable":true,"href":"https:\/\/www.sportflug-noervenich.de\/index.php?rest_route=%2Fwp%2Fv2%2Ftags&post=2144"}],"curies":[{"name":"wp","href":"https:\/\/api.w.org\/{rel}","templated":true}]}}