{"id":2154,"date":"2022-07-31T22:11:36","date_gmt":"2022-07-31T20:11:36","guid":{"rendered":"http:\/\/wp1182680.server-he.de\/?p=2154"},"modified":"2022-07-31T22:12:15","modified_gmt":"2022-07-31T20:12:15","slug":"fred-richter-am-29-07-2022-verstorben","status":"publish","type":"post","link":"https:\/\/www.sportflug-noervenich.de\/?p=2154","title":{"rendered":"Fred Richter am 29.07.2022 verstorben"},"content":{"rendered":"<div class=\"pvc_clear\"><\/div>\n<p id=\"pvc_stats_2154\" class=\"pvc_stats all  \" data-element-id=\"2154\" style=\"\"><i class=\"pvc-stats-icon large\" aria-hidden=\"true\"><svg aria-hidden=\"true\" focusable=\"false\" data-prefix=\"far\" data-icon=\"chart-bar\" role=\"img\" xmlns=\"http:\/\/www.w3.org\/2000\/svg\" viewBox=\"0 0 512 512\" class=\"svg-inline--fa fa-chart-bar fa-w-16 fa-2x\"><path fill=\"currentColor\" d=\"M396.8 352h22.4c6.4 0 12.8-6.4 12.8-12.8V108.8c0-6.4-6.4-12.8-12.8-12.8h-22.4c-6.4 0-12.8 6.4-12.8 12.8v230.4c0 6.4 6.4 12.8 12.8 12.8zm-192 0h22.4c6.4 0 12.8-6.4 12.8-12.8V140.8c0-6.4-6.4-12.8-12.8-12.8h-22.4c-6.4 0-12.8 6.4-12.8 12.8v198.4c0 6.4 6.4 12.8 12.8 12.8zm96 0h22.4c6.4 0 12.8-6.4 12.8-12.8V204.8c0-6.4-6.4-12.8-12.8-12.8h-22.4c-6.4 0-12.8 6.4-12.8 12.8v134.4c0 6.4 6.4 12.8 12.8 12.8zM496 400H48V80c0-8.84-7.16-16-16-16H16C7.16 64 0 71.16 0 80v336c0 17.67 14.33 32 32 32h464c8.84 0 16-7.16 16-16v-16c0-8.84-7.16-16-16-16zm-387.2-48h22.4c6.4 0 12.8-6.4 12.8-12.8v-70.4c0-6.4-6.4-12.8-12.8-12.8h-22.4c-6.4 0-12.8 6.4-12.8 12.8v70.4c0 6.4 6.4 12.8 12.8 12.8z\" class=\"\"><\/path><\/svg><\/i> <img loading=\"lazy\" decoding=\"async\" width=\"16\" height=\"16\" alt=\"Loading\" src=\"https:\/\/www.sportflug-noervenich.de\/wp-content\/plugins\/page-views-count\/ajax-loader-2x.gif\" border=0 \/><\/p>\n<div class=\"pvc_clear\"><\/div>\n<p><a href=\"https:\/\/www.sportflug-noervenich.de\/wp-content\/uploads\/2022\/07\/Fred.jpg\"><img loading=\"lazy\" decoding=\"async\" class=\"size-medium wp-image-2152 alignleft\" src=\"https:\/\/www.sportflug-noervenich.de\/wp-content\/uploads\/2022\/07\/Fred-201x300.jpg\" alt=\"\" width=\"201\" height=\"300\" srcset=\"https:\/\/www.sportflug-noervenich.de\/wp-content\/uploads\/2022\/07\/Fred-201x300.jpg 201w, https:\/\/www.sportflug-noervenich.de\/wp-content\/uploads\/2022\/07\/Fred.jpg 401w\" sizes=\"auto, (max-width: 201px) 100vw, 201px\" \/><\/a>Unser ehemaliges Mitglied Fred Richter ist am 29.07.2022 im Alter von 96 Jahren verstorben. Fred betrieb in Frechen ein gut gehendes Elektrogesch\u00e4ft. Seine fliegerische Laufbahn begann er im Frechener Verein. Seit 1992 war er bei uns Vereinsmitglied, da in seinem alten Verein nach dem Umzug nach Bergheim kein Motorflug zugelassen war. Fred war immer gut drauf, verbreitete gute Laune und angenehme Stimmung. Wenn mal die Wogen hoch gingen war es Fred der in seiner ruhigen v\u00e4terlichen Art die erhitzten Gem\u00fcter beruhigen konnte. Au\u00dferdem war er \u00fcberaus gro\u00dfz\u00fcgig. Als nach einer Landung auf der Binz unsere Piper besch\u00e4digt wurde lie\u00df er die Piper gleich zu dem damals noch aktiven Flugzeugbauer auf der Binz schaffen, leistete eine Anzahlung und gab die Reparatur auf seine Kosten in Auftrag. Fred war eine tragende S\u00e4ule als Motorflieger und F-Schlepper. Bis ins hohe Alter flog er noch immer gern unsere Piper und B\u00fccker bis er mit 85 Jahren die aktive Fliegerei aufgab. Er blieb uns aber als f\u00f6rderndes Mitglied, als guter Kamerad und v\u00e4terlicher Freund stets verbunden und nahm aktiv Anteil am Geschehen in unserem Verein. Fred hat nun seinen letzten Flug angetreten. Wir werden ihm ein ehrendes Andenken bewahren.<\/p>\n","protected":false},"excerpt":{"rendered":"<div class=\"pvc_clear\"><\/div>\n<p id=\"pvc_stats_2154\" class=\"pvc_stats all  \" data-element-id=\"2154\" style=\"\"><i class=\"pvc-stats-icon large\" aria-hidden=\"true\"><svg aria-hidden=\"true\" focusable=\"false\" data-prefix=\"far\" data-icon=\"chart-bar\" role=\"img\" xmlns=\"http:\/\/www.w3.org\/2000\/svg\" viewBox=\"0 0 512 512\" class=\"svg-inline--fa fa-chart-bar fa-w-16 fa-2x\"><path fill=\"currentColor\" d=\"M396.8 352h22.4c6.4 0 12.8-6.4 12.8-12.8V108.8c0-6.4-6.4-12.8-12.8-12.8h-22.4c-6.4 0-12.8 6.4-12.8 12.8v230.4c0 6.4 6.4 12.8 12.8 12.8zm-192 0h22.4c6.4 0 12.8-6.4 12.8-12.8V140.8c0-6.4-6.4-12.8-12.8-12.8h-22.4c-6.4 0-12.8 6.4-12.8 12.8v198.4c0 6.4 6.4 12.8 12.8 12.8zm96 0h22.4c6.4 0 12.8-6.4 12.8-12.8V204.8c0-6.4-6.4-12.8-12.8-12.8h-22.4c-6.4 0-12.8 6.4-12.8 12.8v134.4c0 6.4 6.4 12.8 12.8 12.8zM496 400H48V80c0-8.84-7.16-16-16-16H16C7.16 64 0 71.16 0 80v336c0 17.67 14.33 32 32 32h464c8.84 0 16-7.16 16-16v-16c0-8.84-7.16-16-16-16zm-387.2-48h22.4c6.4 0 12.8-6.4 12.8-12.8v-70.4c0-6.4-6.4-12.8-12.8-12.8h-22.4c-6.4 0-12.8 6.4-12.8 12.8v70.4c0 6.4 6.4 12.8 12.8 12.8z\" class=\"\"><\/path><\/svg><\/i> <img loading=\"lazy\" decoding=\"async\" width=\"16\" height=\"16\" alt=\"Loading\" src=\"https:\/\/www.sportflug-noervenich.de\/wp-content\/plugins\/page-views-count\/ajax-loader-2x.gif\" border=0 \/><\/p>\n<div class=\"pvc_clear\"><\/div>\n<p>Unser ehemaliges Mitglied Fred Richter ist am 29.07.2022 im Alter von 96 Jahren verstorben. Fred betrieb in Frechen ein gut gehendes Elektrogesch\u00e4ft. Seine fliegerische Laufbahn begann er im Frechener Verein. Seit 1992 war er bei uns Vereinsmitglied, da in seinem alten Verein nach dem Umzug nach Bergheim kein Motorflug zugelassen war. Fred war immer gut [&hellip;]<\/p>\n","protected":false},"author":2,"featured_media":0,"comment_status":"open","ping_status":"closed","sticky":false,"template":"","format":"standard","meta":{"two_page_speed":[],"footnotes":""},"categories":[3],"tags":[],"class_list":["post-2154","post","type-post","status-publish","format-standard","hentry","category-news"],"a3_pvc":{"activated":true,"total_views":492,"today_views":0},"_links":{"self":[{"href":"https:\/\/www.sportflug-noervenich.de\/index.php?rest_route=\/wp\/v2\/posts\/2154","targetHints":{"allow":["GET"]}}],"collection":[{"href":"https:\/\/www.sportflug-noervenich.de\/index.php?rest_route=\/wp\/v2\/posts"}],"about":[{"href":"https:\/\/www.sportflug-noervenich.de\/index.php?rest_route=\/wp\/v2\/types\/post"}],"author":[{"embeddable":true,"href":"https:\/\/www.sportflug-noervenich.de\/index.php?rest_route=\/wp\/v2\/users\/2"}],"replies":[{"embeddable":true,"href":"https:\/\/www.sportflug-noervenich.de\/index.php?rest_route=%2Fwp%2Fv2%2Fcomments&post=2154"}],"version-history":[{"count":1,"href":"https:\/\/www.sportflug-noervenich.de\/index.php?rest_route=\/wp\/v2\/posts\/2154\/revisions"}],"predecessor-version":[{"id":2155,"href":"https:\/\/www.sportflug-noervenich.de\/index.php?rest_route=\/wp\/v2\/posts\/2154\/revisions\/2155"}],"wp:attachment":[{"href":"https:\/\/www.sportflug-noervenich.de\/index.php?rest_route=%2Fwp%2Fv2%2Fmedia&parent=2154"}],"wp:term":[{"taxonomy":"category","embeddable":true,"href":"https:\/\/www.sportflug-noervenich.de\/index.php?rest_route=%2Fwp%2Fv2%2Fcategories&post=2154"},{"taxonomy":"post_tag","embeddable":true,"href":"https:\/\/www.sportflug-noervenich.de\/index.php?rest_route=%2Fwp%2Fv2%2Ftags&post=2154"}],"curies":[{"name":"wp","href":"https:\/\/api.w.org\/{rel}","templated":true}]}}