{"id":2170,"date":"2022-11-28T17:44:50","date_gmt":"2022-11-28T16:44:50","guid":{"rendered":"http:\/\/wp1182680.server-he.de\/?p=2170"},"modified":"2023-04-11T11:43:22","modified_gmt":"2023-04-11T09:43:22","slug":"weihnachtsessen","status":"publish","type":"post","link":"https:\/\/www.sportflug-noervenich.de\/?p=2170","title":{"rendered":"Weihnachtsessen"},"content":{"rendered":"<div class=\"pvc_clear\"><\/div><p id=\"pvc_stats_2170\" class=\"pvc_stats all  \" data-element-id=\"2170\" style=\"\"><i class=\"pvc-stats-icon large\" aria-hidden=\"true\"><svg aria-hidden=\"true\" focusable=\"false\" data-prefix=\"far\" data-icon=\"chart-bar\" role=\"img\" xmlns=\"http:\/\/www.w3.org\/2000\/svg\" viewBox=\"0 0 512 512\" class=\"svg-inline--fa fa-chart-bar fa-w-16 fa-2x\"><path fill=\"currentColor\" d=\"M396.8 352h22.4c6.4 0 12.8-6.4 12.8-12.8V108.8c0-6.4-6.4-12.8-12.8-12.8h-22.4c-6.4 0-12.8 6.4-12.8 12.8v230.4c0 6.4 6.4 12.8 12.8 12.8zm-192 0h22.4c6.4 0 12.8-6.4 12.8-12.8V140.8c0-6.4-6.4-12.8-12.8-12.8h-22.4c-6.4 0-12.8 6.4-12.8 12.8v198.4c0 6.4 6.4 12.8 12.8 12.8zm96 0h22.4c6.4 0 12.8-6.4 12.8-12.8V204.8c0-6.4-6.4-12.8-12.8-12.8h-22.4c-6.4 0-12.8 6.4-12.8 12.8v134.4c0 6.4 6.4 12.8 12.8 12.8zM496 400H48V80c0-8.84-7.16-16-16-16H16C7.16 64 0 71.16 0 80v336c0 17.67 14.33 32 32 32h464c8.84 0 16-7.16 16-16v-16c0-8.84-7.16-16-16-16zm-387.2-48h22.4c6.4 0 12.8-6.4 12.8-12.8v-70.4c0-6.4-6.4-12.8-12.8-12.8h-22.4c-6.4 0-12.8 6.4-12.8 12.8v70.4c0 6.4 6.4 12.8 12.8 12.8z\" class=\"\"><\/path><\/svg><\/i> <img loading=\"lazy\" decoding=\"async\" width=\"16\" height=\"16\" alt=\"Loading\" src=\"https:\/\/www.sportflug-noervenich.de\/wp-content\/plugins\/page-views-count\/ajax-loader-2x.gif\" border=0 \/><\/p><div class=\"pvc_clear\"><\/div>\n<div class=\"wp-block-columns is-layout-flex wp-container-core-columns-is-layout-9d6595d7 wp-block-columns-is-layout-flex\">\n<div class=\"wp-block-column is-layout-flow wp-block-column-is-layout-flow\" style=\"flex-basis:100%\">\n<p>Am Freitag den 26.11.2022 nach einem erfolgreichen und entspannten Flugtag, an dem auch unsere B\u00fccker nach l\u00e4ngerer Standzeit wieder geflogen wurde, trafen sich die Mitglieder unseres Vereins in der Pizzeria Mediterrano in N\u00f6rvenich zu einem vorgezogenen Weihnachtsessen in gem\u00fctlicher Atmosph\u00e4re. Es war ein rundum gelungener Abend bei exzellentem Essen, guten Gespr\u00e4chen und Erfahrungsaustausch. <\/p>\n<\/div>\n<\/div>\n\n\n\n<figure class=\"wp-block-image size-large\"><a href=\"https:\/\/www.sportflug-noervenich.de\/wp-content\/uploads\/2022\/11\/IMG-20221127-WA0005.jpg\"><img loading=\"lazy\" decoding=\"async\" width=\"1024\" height=\"768\" src=\"https:\/\/www.sportflug-noervenich.de\/wp-content\/uploads\/2022\/11\/IMG-20221127-WA0005-1024x768.jpg\" alt=\"\" class=\"wp-image-2173\" srcset=\"https:\/\/www.sportflug-noervenich.de\/wp-content\/uploads\/2022\/11\/IMG-20221127-WA0005-1024x768.jpg 1024w, https:\/\/www.sportflug-noervenich.de\/wp-content\/uploads\/2022\/11\/IMG-20221127-WA0005-300x225.jpg 300w, https:\/\/www.sportflug-noervenich.de\/wp-content\/uploads\/2022\/11\/IMG-20221127-WA0005-768x576.jpg 768w, https:\/\/www.sportflug-noervenich.de\/wp-content\/uploads\/2022\/11\/IMG-20221127-WA0005-1536x1153.jpg 1536w, https:\/\/www.sportflug-noervenich.de\/wp-content\/uploads\/2022\/11\/IMG-20221127-WA0005.jpg 1599w\" sizes=\"auto, (max-width: 1024px) 100vw, 1024px\" \/><\/a><\/figure>\n","protected":false},"excerpt":{"rendered":"<div class=\"pvc_clear\"><\/div>\n<p id=\"pvc_stats_2170\" class=\"pvc_stats all  \" data-element-id=\"2170\" style=\"\"><i class=\"pvc-stats-icon large\" aria-hidden=\"true\"><svg aria-hidden=\"true\" focusable=\"false\" data-prefix=\"far\" data-icon=\"chart-bar\" role=\"img\" xmlns=\"http:\/\/www.w3.org\/2000\/svg\" viewBox=\"0 0 512 512\" class=\"svg-inline--fa fa-chart-bar fa-w-16 fa-2x\"><path fill=\"currentColor\" d=\"M396.8 352h22.4c6.4 0 12.8-6.4 12.8-12.8V108.8c0-6.4-6.4-12.8-12.8-12.8h-22.4c-6.4 0-12.8 6.4-12.8 12.8v230.4c0 6.4 6.4 12.8 12.8 12.8zm-192 0h22.4c6.4 0 12.8-6.4 12.8-12.8V140.8c0-6.4-6.4-12.8-12.8-12.8h-22.4c-6.4 0-12.8 6.4-12.8 12.8v198.4c0 6.4 6.4 12.8 12.8 12.8zm96 0h22.4c6.4 0 12.8-6.4 12.8-12.8V204.8c0-6.4-6.4-12.8-12.8-12.8h-22.4c-6.4 0-12.8 6.4-12.8 12.8v134.4c0 6.4 6.4 12.8 12.8 12.8zM496 400H48V80c0-8.84-7.16-16-16-16H16C7.16 64 0 71.16 0 80v336c0 17.67 14.33 32 32 32h464c8.84 0 16-7.16 16-16v-16c0-8.84-7.16-16-16-16zm-387.2-48h22.4c6.4 0 12.8-6.4 12.8-12.8v-70.4c0-6.4-6.4-12.8-12.8-12.8h-22.4c-6.4 0-12.8 6.4-12.8 12.8v70.4c0 6.4 6.4 12.8 12.8 12.8z\" class=\"\"><\/path><\/svg><\/i> <img loading=\"lazy\" decoding=\"async\" width=\"16\" height=\"16\" alt=\"Loading\" src=\"https:\/\/www.sportflug-noervenich.de\/wp-content\/plugins\/page-views-count\/ajax-loader-2x.gif\" border=0 \/><\/p>\n<div class=\"pvc_clear\"><\/div>\n<p>Am Freitag den 26.11.2022 nach einem erfolgreichen und entspannten Flugtag, an dem auch unsere B\u00fccker nach l\u00e4ngerer Standzeit wieder geflogen wurde, trafen sich die Mitglieder unseres Vereins in der Pizzeria Mediterrano in N\u00f6rvenich zu einem vorgezogenen Weihnachtsessen in gem\u00fctlicher Atmosph\u00e4re. Es war ein rundum gelungener Abend bei exzellentem Essen, guten Gespr\u00e4chen und Erfahrungsaustausch.<\/p>\n","protected":false},"author":2,"featured_media":0,"comment_status":"closed","ping_status":"closed","sticky":false,"template":"","format":"standard","meta":{"two_page_speed":null,"footnotes":""},"categories":[3],"tags":[21],"class_list":["post-2170","post","type-post","status-publish","format-standard","hentry","category-news","tag-events"],"a3_pvc":{"activated":true,"total_views":443,"today_views":0},"_links":{"self":[{"href":"https:\/\/www.sportflug-noervenich.de\/index.php?rest_route=\/wp\/v2\/posts\/2170","targetHints":{"allow":["GET"]}}],"collection":[{"href":"https:\/\/www.sportflug-noervenich.de\/index.php?rest_route=\/wp\/v2\/posts"}],"about":[{"href":"https:\/\/www.sportflug-noervenich.de\/index.php?rest_route=\/wp\/v2\/types\/post"}],"author":[{"embeddable":true,"href":"https:\/\/www.sportflug-noervenich.de\/index.php?rest_route=\/wp\/v2\/users\/2"}],"replies":[{"embeddable":true,"href":"https:\/\/www.sportflug-noervenich.de\/index.php?rest_route=%2Fwp%2Fv2%2Fcomments&post=2170"}],"version-history":[{"count":3,"href":"https:\/\/www.sportflug-noervenich.de\/index.php?rest_route=\/wp\/v2\/posts\/2170\/revisions"}],"predecessor-version":[{"id":2209,"href":"https:\/\/www.sportflug-noervenich.de\/index.php?rest_route=\/wp\/v2\/posts\/2170\/revisions\/2209"}],"wp:attachment":[{"href":"https:\/\/www.sportflug-noervenich.de\/index.php?rest_route=%2Fwp%2Fv2%2Fmedia&parent=2170"}],"wp:term":[{"taxonomy":"category","embeddable":true,"href":"https:\/\/www.sportflug-noervenich.de\/index.php?rest_route=%2Fwp%2Fv2%2Fcategories&post=2170"},{"taxonomy":"post_tag","embeddable":true,"href":"https:\/\/www.sportflug-noervenich.de\/index.php?rest_route=%2Fwp%2Fv2%2Ftags&post=2170"}],"curies":[{"name":"wp","href":"https:\/\/api.w.org\/{rel}","templated":true}]}}