{"id":2262,"date":"2023-08-16T16:56:45","date_gmt":"2023-08-16T14:56:45","guid":{"rendered":"https:\/\/www.sportflug-noervenich.de\/?p=2262"},"modified":"2024-09-27T13:00:04","modified_gmt":"2024-09-27T11:00:04","slug":"2023-ein-erster-alleinflug","status":"publish","type":"post","link":"https:\/\/www.sportflug-noervenich.de\/?p=2262","title":{"rendered":"2023 Ein erster Alleinflug"},"content":{"rendered":"<div class=\"pvc_clear\"><\/div>\n<p id=\"pvc_stats_2262\" class=\"pvc_stats all  \" data-element-id=\"2262\" style=\"\"><i class=\"pvc-stats-icon large\" aria-hidden=\"true\"><svg aria-hidden=\"true\" focusable=\"false\" data-prefix=\"far\" data-icon=\"chart-bar\" role=\"img\" xmlns=\"http:\/\/www.w3.org\/2000\/svg\" viewBox=\"0 0 512 512\" class=\"svg-inline--fa fa-chart-bar fa-w-16 fa-2x\"><path fill=\"currentColor\" d=\"M396.8 352h22.4c6.4 0 12.8-6.4 12.8-12.8V108.8c0-6.4-6.4-12.8-12.8-12.8h-22.4c-6.4 0-12.8 6.4-12.8 12.8v230.4c0 6.4 6.4 12.8 12.8 12.8zm-192 0h22.4c6.4 0 12.8-6.4 12.8-12.8V140.8c0-6.4-6.4-12.8-12.8-12.8h-22.4c-6.4 0-12.8 6.4-12.8 12.8v198.4c0 6.4 6.4 12.8 12.8 12.8zm96 0h22.4c6.4 0 12.8-6.4 12.8-12.8V204.8c0-6.4-6.4-12.8-12.8-12.8h-22.4c-6.4 0-12.8 6.4-12.8 12.8v134.4c0 6.4 6.4 12.8 12.8 12.8zM496 400H48V80c0-8.84-7.16-16-16-16H16C7.16 64 0 71.16 0 80v336c0 17.67 14.33 32 32 32h464c8.84 0 16-7.16 16-16v-16c0-8.84-7.16-16-16-16zm-387.2-48h22.4c6.4 0 12.8-6.4 12.8-12.8v-70.4c0-6.4-6.4-12.8-12.8-12.8h-22.4c-6.4 0-12.8 6.4-12.8 12.8v70.4c0 6.4 6.4 12.8 12.8 12.8z\" class=\"\"><\/path><\/svg><\/i> <img loading=\"lazy\" decoding=\"async\" width=\"16\" height=\"16\" alt=\"Loading\" src=\"https:\/\/www.sportflug-noervenich.de\/wp-content\/plugins\/page-views-count\/ajax-loader-2x.gif\" border=0 \/><\/p>\n<div class=\"pvc_clear\"><\/div>\n<div class=\"default-style\"><a href=\"https:\/\/www.sportflug-noervenich.de\/wp-content\/uploads\/2023\/08\/20230813_181527-scaled.jpg\"><img loading=\"lazy\" decoding=\"async\" class=\"size-medium wp-image-2264 alignleft\" src=\"https:\/\/www.sportflug-noervenich.de\/wp-content\/uploads\/2023\/08\/20230813_181527-300x225.jpg\" alt=\"\" width=\"300\" height=\"225\" srcset=\"https:\/\/www.sportflug-noervenich.de\/wp-content\/uploads\/2023\/08\/20230813_181527-300x225.jpg 300w, https:\/\/www.sportflug-noervenich.de\/wp-content\/uploads\/2023\/08\/20230813_181527-1024x768.jpg 1024w, https:\/\/www.sportflug-noervenich.de\/wp-content\/uploads\/2023\/08\/20230813_181527-768x576.jpg 768w, https:\/\/www.sportflug-noervenich.de\/wp-content\/uploads\/2023\/08\/20230813_181527-1536x1152.jpg 1536w, https:\/\/www.sportflug-noervenich.de\/wp-content\/uploads\/2023\/08\/20230813_181527-2048x1536.jpg 2048w\" sizes=\"auto, (max-width: 300px) 100vw, 300px\" \/><\/a>Das ist doch ein Grund zur Freude! ! Eva hat ihre ersten drei Solofl\u00fcge mit Bravour bew\u00e4ltigt. Als wir nach einem letzten Crosscheck die K13 f\u00fcr die Einsitzerfl\u00fcge bereit machten, wurde sie doch etwas unruhig. So mussten wir ihr versichern, dass wir sie niemals allein in die Luft schicken w\u00fcrden, wenn wir nicht absolut sicher w\u00e4ren, dass sie das schaffen k\u00f6nne. Nach letztem Zuspruch von Gordon ging es dann los. Gro\u00dfe Freude kurz vor dem 16. Geburtstag!!!<\/div>\n","protected":false},"excerpt":{"rendered":"<div class=\"pvc_clear\"><\/div>\n<p id=\"pvc_stats_2262\" class=\"pvc_stats all  \" data-element-id=\"2262\" style=\"\"><i class=\"pvc-stats-icon large\" aria-hidden=\"true\"><svg aria-hidden=\"true\" focusable=\"false\" data-prefix=\"far\" data-icon=\"chart-bar\" role=\"img\" xmlns=\"http:\/\/www.w3.org\/2000\/svg\" viewBox=\"0 0 512 512\" class=\"svg-inline--fa fa-chart-bar fa-w-16 fa-2x\"><path fill=\"currentColor\" d=\"M396.8 352h22.4c6.4 0 12.8-6.4 12.8-12.8V108.8c0-6.4-6.4-12.8-12.8-12.8h-22.4c-6.4 0-12.8 6.4-12.8 12.8v230.4c0 6.4 6.4 12.8 12.8 12.8zm-192 0h22.4c6.4 0 12.8-6.4 12.8-12.8V140.8c0-6.4-6.4-12.8-12.8-12.8h-22.4c-6.4 0-12.8 6.4-12.8 12.8v198.4c0 6.4 6.4 12.8 12.8 12.8zm96 0h22.4c6.4 0 12.8-6.4 12.8-12.8V204.8c0-6.4-6.4-12.8-12.8-12.8h-22.4c-6.4 0-12.8 6.4-12.8 12.8v134.4c0 6.4 6.4 12.8 12.8 12.8zM496 400H48V80c0-8.84-7.16-16-16-16H16C7.16 64 0 71.16 0 80v336c0 17.67 14.33 32 32 32h464c8.84 0 16-7.16 16-16v-16c0-8.84-7.16-16-16-16zm-387.2-48h22.4c6.4 0 12.8-6.4 12.8-12.8v-70.4c0-6.4-6.4-12.8-12.8-12.8h-22.4c-6.4 0-12.8 6.4-12.8 12.8v70.4c0 6.4 6.4 12.8 12.8 12.8z\" class=\"\"><\/path><\/svg><\/i> <img loading=\"lazy\" decoding=\"async\" width=\"16\" height=\"16\" alt=\"Loading\" src=\"https:\/\/www.sportflug-noervenich.de\/wp-content\/plugins\/page-views-count\/ajax-loader-2x.gif\" border=0 \/><\/p>\n<div class=\"pvc_clear\"><\/div>\n<p>Das ist doch ein Grund zur Freude! ! Eva hat ihre ersten drei Solofl\u00fcge mit Bravour bew\u00e4ltigt. Als wir nach einem letzten Crosscheck die K13 f\u00fcr die Einsitzerfl\u00fcge bereit machten, wurde sie doch etwas unruhig. So mussten wir ihr versichern, dass wir sie niemals allein in die Luft schicken w\u00fcrden, wenn wir nicht absolut sicher [&hellip;]<\/p>\n","protected":false},"author":2,"featured_media":0,"comment_status":"closed","ping_status":"closed","sticky":false,"template":"","format":"standard","meta":{"two_page_speed":null,"footnotes":""},"categories":[3],"tags":[14,49,48],"class_list":["post-2262","post","type-post","status-publish","format-standard","hentry","category-news","tag-flugschule","tag-ppl-ausbildung","tag-ul-ausbildung"],"a3_pvc":{"activated":true,"total_views":192,"today_views":0},"_links":{"self":[{"href":"https:\/\/www.sportflug-noervenich.de\/index.php?rest_route=\/wp\/v2\/posts\/2262","targetHints":{"allow":["GET"]}}],"collection":[{"href":"https:\/\/www.sportflug-noervenich.de\/index.php?rest_route=\/wp\/v2\/posts"}],"about":[{"href":"https:\/\/www.sportflug-noervenich.de\/index.php?rest_route=\/wp\/v2\/types\/post"}],"author":[{"embeddable":true,"href":"https:\/\/www.sportflug-noervenich.de\/index.php?rest_route=\/wp\/v2\/users\/2"}],"replies":[{"embeddable":true,"href":"https:\/\/www.sportflug-noervenich.de\/index.php?rest_route=%2Fwp%2Fv2%2Fcomments&post=2262"}],"version-history":[{"count":2,"href":"https:\/\/www.sportflug-noervenich.de\/index.php?rest_route=\/wp\/v2\/posts\/2262\/revisions"}],"predecessor-version":[{"id":2266,"href":"https:\/\/www.sportflug-noervenich.de\/index.php?rest_route=\/wp\/v2\/posts\/2262\/revisions\/2266"}],"wp:attachment":[{"href":"https:\/\/www.sportflug-noervenich.de\/index.php?rest_route=%2Fwp%2Fv2%2Fmedia&parent=2262"}],"wp:term":[{"taxonomy":"category","embeddable":true,"href":"https:\/\/www.sportflug-noervenich.de\/index.php?rest_route=%2Fwp%2Fv2%2Fcategories&post=2262"},{"taxonomy":"post_tag","embeddable":true,"href":"https:\/\/www.sportflug-noervenich.de\/index.php?rest_route=%2Fwp%2Fv2%2Ftags&post=2262"}],"curies":[{"name":"wp","href":"https:\/\/api.w.org\/{rel}","templated":true}]}}