{"id":2412,"date":"2024-09-24T19:08:57","date_gmt":"2024-09-24T17:08:57","guid":{"rendered":"https:\/\/www.sportflug-noervenich.de\/?p=2412"},"modified":"2024-09-27T12:58:30","modified_gmt":"2024-09-27T10:58:30","slug":"erste-f-schlepps-mit-der-sirius-am-22-09-2024","status":"publish","type":"post","link":"https:\/\/www.sportflug-noervenich.de\/?p=2412","title":{"rendered":"Erste F-Schlepps mit der Sirius am 22.09.2024"},"content":{"rendered":"<div class=\"pvc_clear\"><\/div>\n<p id=\"pvc_stats_2412\" class=\"pvc_stats all  \" data-element-id=\"2412\" style=\"\"><i class=\"pvc-stats-icon large\" aria-hidden=\"true\"><svg aria-hidden=\"true\" focusable=\"false\" data-prefix=\"far\" data-icon=\"chart-bar\" role=\"img\" xmlns=\"http:\/\/www.w3.org\/2000\/svg\" viewBox=\"0 0 512 512\" class=\"svg-inline--fa fa-chart-bar fa-w-16 fa-2x\"><path fill=\"currentColor\" d=\"M396.8 352h22.4c6.4 0 12.8-6.4 12.8-12.8V108.8c0-6.4-6.4-12.8-12.8-12.8h-22.4c-6.4 0-12.8 6.4-12.8 12.8v230.4c0 6.4 6.4 12.8 12.8 12.8zm-192 0h22.4c6.4 0 12.8-6.4 12.8-12.8V140.8c0-6.4-6.4-12.8-12.8-12.8h-22.4c-6.4 0-12.8 6.4-12.8 12.8v198.4c0 6.4 6.4 12.8 12.8 12.8zm96 0h22.4c6.4 0 12.8-6.4 12.8-12.8V204.8c0-6.4-6.4-12.8-12.8-12.8h-22.4c-6.4 0-12.8 6.4-12.8 12.8v134.4c0 6.4 6.4 12.8 12.8 12.8zM496 400H48V80c0-8.84-7.16-16-16-16H16C7.16 64 0 71.16 0 80v336c0 17.67 14.33 32 32 32h464c8.84 0 16-7.16 16-16v-16c0-8.84-7.16-16-16-16zm-387.2-48h22.4c6.4 0 12.8-6.4 12.8-12.8v-70.4c0-6.4-6.4-12.8-12.8-12.8h-22.4c-6.4 0-12.8 6.4-12.8 12.8v70.4c0 6.4 6.4 12.8 12.8 12.8z\" class=\"\"><\/path><\/svg><\/i> <img loading=\"lazy\" decoding=\"async\" width=\"16\" height=\"16\" alt=\"Loading\" src=\"https:\/\/www.sportflug-noervenich.de\/wp-content\/plugins\/page-views-count\/ajax-loader-2x.gif\" border=0 \/><\/p>\n<div class=\"pvc_clear\"><\/div>\n<p>Morgens ein wundersch\u00f6ner \u00dcberlandflug nach Bad Kreuznach, am sp\u00e4teren Nachmittag die ersten Schleppfl\u00fcge auf dem Flugplatz! Unsere TL 3000 Sirius hat nunmehr ihre Vielseitigkeit f\u00fcr den UL-Flugbetrieb des Vereins nachdr\u00fccklich demonstriert.<\/p>\n<p><a href=\"https:\/\/www.sportflug-noervenich.de\/wp-content\/uploads\/2024\/09\/Sirius-F2.jpg\"><img loading=\"lazy\" decoding=\"async\" class=\"aligncenter wp-image-2414\" src=\"https:\/\/www.sportflug-noervenich.de\/wp-content\/uploads\/2024\/09\/Sirius-F2-300x100.jpg\" alt=\"\" width=\"582\" height=\"194\" srcset=\"https:\/\/www.sportflug-noervenich.de\/wp-content\/uploads\/2024\/09\/Sirius-F2-300x100.jpg 300w, https:\/\/www.sportflug-noervenich.de\/wp-content\/uploads\/2024\/09\/Sirius-F2-768x255.jpg 768w, https:\/\/www.sportflug-noervenich.de\/wp-content\/uploads\/2024\/09\/Sirius-F2.jpg 800w\" sizes=\"auto, (max-width: 582px) 100vw, 582px\" \/><\/a><\/p>\n<p>Mit zahlreichen Trainingsfl\u00fcgen hatten sich die Schlepppiloten auf diesen Moment vorbereitet. Unter idealen Wetterbedingungen konnten zun\u00e4chst schlepperfahrene Segelflieger die ersten Eindr\u00fccke hinter dem neuen Schleppflugzeug sammeln. Bereits nach den ersten Starts war den Beteiligten die Begeisterung anzusehen: gute Steigwerte und insbesondere eine \u00fcberaus stabile Lage des Schleppzuges zeigten sich in allen Flugphasen &#8211; selbst bei der Imitation von potenziellen Gefahrensituationen.<a href=\"https:\/\/www.sportflug-noervenich.de\/wp-content\/uploads\/2022\/12\/Sirius_2022-12-07-14h31m25.jpg\"><img loading=\"lazy\" decoding=\"async\" class=\"aligncenter size-medium wp-image-2182\" src=\"https:\/\/www.sportflug-noervenich.de\/wp-content\/uploads\/2022\/12\/Sirius_2022-12-07-14h31m25-300x169.jpg\" alt=\"\" width=\"300\" height=\"169\" srcset=\"https:\/\/www.sportflug-noervenich.de\/wp-content\/uploads\/2022\/12\/Sirius_2022-12-07-14h31m25-300x169.jpg 300w, https:\/\/www.sportflug-noervenich.de\/wp-content\/uploads\/2022\/12\/Sirius_2022-12-07-14h31m25-1024x576.jpg 1024w, https:\/\/www.sportflug-noervenich.de\/wp-content\/uploads\/2022\/12\/Sirius_2022-12-07-14h31m25-768x432.jpg 768w, https:\/\/www.sportflug-noervenich.de\/wp-content\/uploads\/2022\/12\/Sirius_2022-12-07-14h31m25-600x337.jpg 600w, https:\/\/www.sportflug-noervenich.de\/wp-content\/uploads\/2022\/12\/Sirius_2022-12-07-14h31m25.jpg 1067w\" sizes=\"auto, (max-width: 300px) 100vw, 300px\" \/><\/a><\/p>\n<p>Die Segelflieger freuen sich nun auf viele faszinierende Fl\u00fcge in der glasklaren Luft w\u00e4hrend Winterzeit, in der bisher der \u201eklassische\u201c Betrieb an der Startwinde wegen der anfallenden Wartungsarbeiten ruhte.<\/p>\n<p>(H-W Stollenwerk)<\/p>\n","protected":false},"excerpt":{"rendered":"<div class=\"pvc_clear\"><\/div>\n<p id=\"pvc_stats_2412\" class=\"pvc_stats all  \" data-element-id=\"2412\" style=\"\"><i class=\"pvc-stats-icon large\" aria-hidden=\"true\"><svg aria-hidden=\"true\" focusable=\"false\" data-prefix=\"far\" data-icon=\"chart-bar\" role=\"img\" xmlns=\"http:\/\/www.w3.org\/2000\/svg\" viewBox=\"0 0 512 512\" class=\"svg-inline--fa fa-chart-bar fa-w-16 fa-2x\"><path fill=\"currentColor\" d=\"M396.8 352h22.4c6.4 0 12.8-6.4 12.8-12.8V108.8c0-6.4-6.4-12.8-12.8-12.8h-22.4c-6.4 0-12.8 6.4-12.8 12.8v230.4c0 6.4 6.4 12.8 12.8 12.8zm-192 0h22.4c6.4 0 12.8-6.4 12.8-12.8V140.8c0-6.4-6.4-12.8-12.8-12.8h-22.4c-6.4 0-12.8 6.4-12.8 12.8v198.4c0 6.4 6.4 12.8 12.8 12.8zm96 0h22.4c6.4 0 12.8-6.4 12.8-12.8V204.8c0-6.4-6.4-12.8-12.8-12.8h-22.4c-6.4 0-12.8 6.4-12.8 12.8v134.4c0 6.4 6.4 12.8 12.8 12.8zM496 400H48V80c0-8.84-7.16-16-16-16H16C7.16 64 0 71.16 0 80v336c0 17.67 14.33 32 32 32h464c8.84 0 16-7.16 16-16v-16c0-8.84-7.16-16-16-16zm-387.2-48h22.4c6.4 0 12.8-6.4 12.8-12.8v-70.4c0-6.4-6.4-12.8-12.8-12.8h-22.4c-6.4 0-12.8 6.4-12.8 12.8v70.4c0 6.4 6.4 12.8 12.8 12.8z\" class=\"\"><\/path><\/svg><\/i> <img loading=\"lazy\" decoding=\"async\" width=\"16\" height=\"16\" alt=\"Loading\" src=\"https:\/\/www.sportflug-noervenich.de\/wp-content\/plugins\/page-views-count\/ajax-loader-2x.gif\" border=0 \/><\/p>\n<div class=\"pvc_clear\"><\/div>\n<p>Morgens ein wundersch\u00f6ner \u00dcberlandflug nach Bad Kreuznach, am sp\u00e4teren Nachmittag die ersten Schleppfl\u00fcge auf dem Flugplatz! Unsere TL 3000 Sirius hat nunmehr ihre Vielseitigkeit f\u00fcr den UL-Flugbetrieb des Vereins nachdr\u00fccklich demonstriert. Mit zahlreichen Trainingsfl\u00fcgen hatten sich die Schlepppiloten auf diesen Moment vorbereitet. Unter idealen Wetterbedingungen konnten zun\u00e4chst schlepperfahrene Segelflieger die ersten Eindr\u00fccke hinter dem neuen [&hellip;]<\/p>\n","protected":false},"author":2,"featured_media":0,"comment_status":"closed","ping_status":"closed","sticky":false,"template":"","format":"standard","meta":{"two_page_speed":[],"footnotes":""},"categories":[3],"tags":[14,49,48],"class_list":["post-2412","post","type-post","status-publish","format-standard","hentry","category-news","tag-flugschule","tag-ppl-ausbildung","tag-ul-ausbildung"],"a3_pvc":{"activated":true,"total_views":101,"today_views":0},"_links":{"self":[{"href":"https:\/\/www.sportflug-noervenich.de\/index.php?rest_route=\/wp\/v2\/posts\/2412","targetHints":{"allow":["GET"]}}],"collection":[{"href":"https:\/\/www.sportflug-noervenich.de\/index.php?rest_route=\/wp\/v2\/posts"}],"about":[{"href":"https:\/\/www.sportflug-noervenich.de\/index.php?rest_route=\/wp\/v2\/types\/post"}],"author":[{"embeddable":true,"href":"https:\/\/www.sportflug-noervenich.de\/index.php?rest_route=\/wp\/v2\/users\/2"}],"replies":[{"embeddable":true,"href":"https:\/\/www.sportflug-noervenich.de\/index.php?rest_route=%2Fwp%2Fv2%2Fcomments&post=2412"}],"version-history":[{"count":4,"href":"https:\/\/www.sportflug-noervenich.de\/index.php?rest_route=\/wp\/v2\/posts\/2412\/revisions"}],"predecessor-version":[{"id":2417,"href":"https:\/\/www.sportflug-noervenich.de\/index.php?rest_route=\/wp\/v2\/posts\/2412\/revisions\/2417"}],"wp:attachment":[{"href":"https:\/\/www.sportflug-noervenich.de\/index.php?rest_route=%2Fwp%2Fv2%2Fmedia&parent=2412"}],"wp:term":[{"taxonomy":"category","embeddable":true,"href":"https:\/\/www.sportflug-noervenich.de\/index.php?rest_route=%2Fwp%2Fv2%2Fcategories&post=2412"},{"taxonomy":"post_tag","embeddable":true,"href":"https:\/\/www.sportflug-noervenich.de\/index.php?rest_route=%2Fwp%2Fv2%2Ftags&post=2412"}],"curies":[{"name":"wp","href":"https:\/\/api.w.org\/{rel}","templated":true}]}}