{"id":2478,"date":"2025-03-29T10:11:53","date_gmt":"2025-03-29T09:11:53","guid":{"rendered":"https:\/\/www.sportflug-noervenich.de\/?p=2478"},"modified":"2025-03-29T10:15:48","modified_gmt":"2025-03-29T09:15:48","slug":"schnuppertage-beim-segelflug","status":"publish","type":"post","link":"https:\/\/www.sportflug-noervenich.de\/?p=2478","title":{"rendered":"Schnuppertage beim Segelflug"},"content":{"rendered":"<div class=\"pvc_clear\"><\/div>\n<p id=\"pvc_stats_2478\" class=\"pvc_stats all  \" data-element-id=\"2478\" style=\"\"><i class=\"pvc-stats-icon large\" aria-hidden=\"true\"><svg aria-hidden=\"true\" focusable=\"false\" data-prefix=\"far\" data-icon=\"chart-bar\" role=\"img\" xmlns=\"http:\/\/www.w3.org\/2000\/svg\" viewBox=\"0 0 512 512\" class=\"svg-inline--fa fa-chart-bar fa-w-16 fa-2x\"><path fill=\"currentColor\" d=\"M396.8 352h22.4c6.4 0 12.8-6.4 12.8-12.8V108.8c0-6.4-6.4-12.8-12.8-12.8h-22.4c-6.4 0-12.8 6.4-12.8 12.8v230.4c0 6.4 6.4 12.8 12.8 12.8zm-192 0h22.4c6.4 0 12.8-6.4 12.8-12.8V140.8c0-6.4-6.4-12.8-12.8-12.8h-22.4c-6.4 0-12.8 6.4-12.8 12.8v198.4c0 6.4 6.4 12.8 12.8 12.8zm96 0h22.4c6.4 0 12.8-6.4 12.8-12.8V204.8c0-6.4-6.4-12.8-12.8-12.8h-22.4c-6.4 0-12.8 6.4-12.8 12.8v134.4c0 6.4 6.4 12.8 12.8 12.8zM496 400H48V80c0-8.84-7.16-16-16-16H16C7.16 64 0 71.16 0 80v336c0 17.67 14.33 32 32 32h464c8.84 0 16-7.16 16-16v-16c0-8.84-7.16-16-16-16zm-387.2-48h22.4c6.4 0 12.8-6.4 12.8-12.8v-70.4c0-6.4-6.4-12.8-12.8-12.8h-22.4c-6.4 0-12.8 6.4-12.8 12.8v70.4c0 6.4 6.4 12.8 12.8 12.8z\" class=\"\"><\/path><\/svg><\/i> <img loading=\"lazy\" decoding=\"async\" width=\"16\" height=\"16\" alt=\"Loading\" src=\"https:\/\/www.sportflug-noervenich.de\/wp-content\/plugins\/page-views-count\/ajax-loader-2x.gif\" border=0 \/><\/p>\n<div class=\"pvc_clear\"><\/div>\n<p>Nach der Winterpause sind unsere Segelflieger Anfang M\u00e4rz wieder in die Luft gestartet und haben damit die Flugsaison er\u00f6ffnet. Das milde Fr\u00fchlingswetter bot ideale Bedingungen, um nicht nur die ersten eigenen Fl\u00fcge des Jahres zu absolvieren, sondern auch interessierten G\u00e4sten einen Einblick in den Segelflugsport zu erm\u00f6glichen.<a href=\"https:\/\/www.sportflug-noervenich.de\/wp-content\/uploads\/2025\/03\/Schnuppertage.jpg\"><img loading=\"lazy\" decoding=\"async\" class=\"size-medium wp-image-2480 alignleft\" src=\"https:\/\/www.sportflug-noervenich.de\/wp-content\/uploads\/2025\/03\/Schnuppertage-300x225.jpg\" alt=\"\" width=\"300\" height=\"225\" srcset=\"https:\/\/www.sportflug-noervenich.de\/wp-content\/uploads\/2025\/03\/Schnuppertage-300x225.jpg 300w, https:\/\/www.sportflug-noervenich.de\/wp-content\/uploads\/2025\/03\/Schnuppertage-1024x768.jpg 1024w, https:\/\/www.sportflug-noervenich.de\/wp-content\/uploads\/2025\/03\/Schnuppertage-768x576.jpg 768w, https:\/\/www.sportflug-noervenich.de\/wp-content\/uploads\/2025\/03\/Schnuppertage.jpg 1386w\" sizes=\"auto, (max-width: 300px) 100vw, 300px\" \/><\/a><\/p>\n<p>Jeder Flugtag begann mit einer F\u00fchrung \u00fcber den Fliegerhorst. Dabei erhielten die Besucher einen umfassenden Einblick in unseren Verein und den Ablauf eines Segelflugtages. Zun\u00e4chst ging es in unsere Werkstatt, wo die Wartung und Instandhaltung der Flugzeuge erkl\u00e4rt wurden. Danach folgte ein Besuch im Unterrichtsraum, in dem regelm\u00e4\u00dfig die theoretische Ausbildung stattfindet. Anschlie\u00dfend konnten die G\u00e4ste in der Flugzeughalle die verschiedenen Segelflugzeuge aus n\u00e4chster N\u00e4he betrachten, bevor es schlie\u00dflich zum Startbereich an der Startbahn ging, wo die eigentlichen Fl\u00fcge stattfanden.<\/p>\n<p><a name=\"_GoBack\"><\/a> An drei Wochenenden fanden insgesamt 32 Schnupperfl\u00fcge statt, bei denen Flugbegeisterte die Gelegenheit hatten, Segelfliegen hautnah zu erleben. Sowohl der Start per Winde als auch der F-Schlepp wurden genutzt, um den G\u00e4sten die unterschiedlichen Startverfahren vorzustellen. Viele zeigten sich begeistert von den besonderen Eindr\u00fccken aus der Vogelperspektive.<\/p>\n<p>Mit diesen ersten erfolgreichen Flugtagen ist der Grundstein f\u00fcr eine hoffentlich sch\u00f6ne Saison gelegt. Nun freuen wir uns auf viele weitere Flugtage und vielleicht auch den ein oder anderen zuk\u00fcnftigen Flugsch\u00fcler, der den Segelflugsport f\u00fcr sich entdeckt.<\/p>\n","protected":false},"excerpt":{"rendered":"<div class=\"pvc_clear\"><\/div>\n<p id=\"pvc_stats_2478\" class=\"pvc_stats all  \" data-element-id=\"2478\" style=\"\"><i class=\"pvc-stats-icon large\" aria-hidden=\"true\"><svg aria-hidden=\"true\" focusable=\"false\" data-prefix=\"far\" data-icon=\"chart-bar\" role=\"img\" xmlns=\"http:\/\/www.w3.org\/2000\/svg\" viewBox=\"0 0 512 512\" class=\"svg-inline--fa fa-chart-bar fa-w-16 fa-2x\"><path fill=\"currentColor\" d=\"M396.8 352h22.4c6.4 0 12.8-6.4 12.8-12.8V108.8c0-6.4-6.4-12.8-12.8-12.8h-22.4c-6.4 0-12.8 6.4-12.8 12.8v230.4c0 6.4 6.4 12.8 12.8 12.8zm-192 0h22.4c6.4 0 12.8-6.4 12.8-12.8V140.8c0-6.4-6.4-12.8-12.8-12.8h-22.4c-6.4 0-12.8 6.4-12.8 12.8v198.4c0 6.4 6.4 12.8 12.8 12.8zm96 0h22.4c6.4 0 12.8-6.4 12.8-12.8V204.8c0-6.4-6.4-12.8-12.8-12.8h-22.4c-6.4 0-12.8 6.4-12.8 12.8v134.4c0 6.4 6.4 12.8 12.8 12.8zM496 400H48V80c0-8.84-7.16-16-16-16H16C7.16 64 0 71.16 0 80v336c0 17.67 14.33 32 32 32h464c8.84 0 16-7.16 16-16v-16c0-8.84-7.16-16-16-16zm-387.2-48h22.4c6.4 0 12.8-6.4 12.8-12.8v-70.4c0-6.4-6.4-12.8-12.8-12.8h-22.4c-6.4 0-12.8 6.4-12.8 12.8v70.4c0 6.4 6.4 12.8 12.8 12.8z\" class=\"\"><\/path><\/svg><\/i> <img loading=\"lazy\" decoding=\"async\" width=\"16\" height=\"16\" alt=\"Loading\" src=\"https:\/\/www.sportflug-noervenich.de\/wp-content\/plugins\/page-views-count\/ajax-loader-2x.gif\" border=0 \/><\/p>\n<div class=\"pvc_clear\"><\/div>\n<p>Nach der Winterpause sind unsere Segelflieger Anfang M\u00e4rz wieder in die Luft gestartet und haben damit die Flugsaison er\u00f6ffnet. Das milde Fr\u00fchlingswetter bot ideale Bedingungen, um nicht nur die ersten eigenen Fl\u00fcge des Jahres zu absolvieren, sondern auch interessierten G\u00e4sten einen Einblick in den Segelflugsport zu erm\u00f6glichen. Jeder Flugtag begann mit einer F\u00fchrung \u00fcber den [&hellip;]<\/p>\n","protected":false},"author":2,"featured_media":0,"comment_status":"closed","ping_status":"closed","sticky":false,"template":"","format":"standard","meta":{"two_page_speed":null,"footnotes":""},"categories":[3],"tags":[],"class_list":["post-2478","post","type-post","status-publish","format-standard","hentry","category-news"],"a3_pvc":{"activated":true,"total_views":99,"today_views":0},"_links":{"self":[{"href":"https:\/\/www.sportflug-noervenich.de\/index.php?rest_route=\/wp\/v2\/posts\/2478","targetHints":{"allow":["GET"]}}],"collection":[{"href":"https:\/\/www.sportflug-noervenich.de\/index.php?rest_route=\/wp\/v2\/posts"}],"about":[{"href":"https:\/\/www.sportflug-noervenich.de\/index.php?rest_route=\/wp\/v2\/types\/post"}],"author":[{"embeddable":true,"href":"https:\/\/www.sportflug-noervenich.de\/index.php?rest_route=\/wp\/v2\/users\/2"}],"replies":[{"embeddable":true,"href":"https:\/\/www.sportflug-noervenich.de\/index.php?rest_route=%2Fwp%2Fv2%2Fcomments&post=2478"}],"version-history":[{"count":3,"href":"https:\/\/www.sportflug-noervenich.de\/index.php?rest_route=\/wp\/v2\/posts\/2478\/revisions"}],"predecessor-version":[{"id":2482,"href":"https:\/\/www.sportflug-noervenich.de\/index.php?rest_route=\/wp\/v2\/posts\/2478\/revisions\/2482"}],"wp:attachment":[{"href":"https:\/\/www.sportflug-noervenich.de\/index.php?rest_route=%2Fwp%2Fv2%2Fmedia&parent=2478"}],"wp:term":[{"taxonomy":"category","embeddable":true,"href":"https:\/\/www.sportflug-noervenich.de\/index.php?rest_route=%2Fwp%2Fv2%2Fcategories&post=2478"},{"taxonomy":"post_tag","embeddable":true,"href":"https:\/\/www.sportflug-noervenich.de\/index.php?rest_route=%2Fwp%2Fv2%2Ftags&post=2478"}],"curies":[{"name":"wp","href":"https:\/\/api.w.org\/{rel}","templated":true}]}}